{"id":7634,"date":"2026-04-27T09:24:15","date_gmt":"2026-04-27T07:24:15","guid":{"rendered":"https:\/\/kosmos-os.de\/?p=7634"},"modified":"2026-04-27T09:24:15","modified_gmt":"2026-04-27T07:24:15","slug":"sternstunde-auf-der-vosslinke-am-25-april-2026","status":"publish","type":"post","link":"https:\/\/kosmos-os.de\/en\/sternstunde-auf-der-vosslinke-am-25-april-2026\/","title":{"rendered":"Sternstunde auf der Vosslinke am 25. April 2026"},"content":{"rendered":"<p><br><\/p>\n\n\n\n<p>Der Mond hoch am Himmel besonders deutlich in der klaren Luft; Venus, der Abendstern, leuchtend im roten Abendhimmel \u00fcber dem dunklen Horizont; dazwischen Jupiter, der gr\u00f6\u00dfte unter den Planeten; und nun auch schon mit der aufziehenden Nacht die hellsten Sterne: Capella, Castor, Pollux, Arcturus und all die anderen, immer mehr, kaum zu z\u00e4hlen. Dort oben am Himmel. Und unten?<\/p>\n\n\n\n<p><br><\/p>\n\n\n\n<p>Unten sind die Sternstunden auf der Vosslinke in vollem Gange. Um 21 Uhr waren sie planm\u00e4\u00dfig gestartet. Da war es noch recht hell. Das Sternstundenteam von kosmos-os hatte bereits seinen ansehnlichen Ger\u00e4tepark aufgebaut. Vom kleinen Linsenteleskop bis zum sehr gro\u00dfen Spiegelteleskop erwartete die Besucher eine gro\u00dfe Bandbreite an Beobachtungsm\u00f6glichkeiten. \u00dcber 20 Besucher waren gekommen, gro\u00df und klein, alt und jung.<\/p>\n\n\n\n<p><br><\/p>\n\n\n\n<p>Jetzt gegen 22 Uhr zeigt die Vosslinke ihre starke Seite. Sie ist dunkel wie kaum ein anderer Ort in Osnabr\u00fcck. Der Mond mit all seinen Kratern und vielf\u00e4ltigen Strukturen beeindruckt wie immer. Venus im gro\u00dfen Teleskop zeigt eine \u00e4hnliche Phase wie unser Mond. Das erstaunt. Jupiter in jedem Teleskop l\u00e4sst mit den Streifen auf seiner Oberfl\u00e4che und seinem \u201eMondballett\u201c eine f\u00fcr uns auf der Erde kaum vorstellbare Gr\u00f6\u00dfe erahnen. Das Mehrfach-Sternsystem Castor ist der erste Halt au\u00dferhalb unseres Sonnensystems. Es folgen die beiden Kugelsternhaufen M3 und M13 in riesiger Entfernung, geheimnisvoll sch\u00f6n. W\u00e4hrenddessen arbeitet eines unserer Teleskope automatisch und erstellt ein Bild der noch viel weiter entfernten Galaxie M81 im Sternbild Gro\u00dfe B\u00e4rin. Das alles nehmen unsere Besucher mit, als sie gegen 23 Uhr die Vosslinke verlassen. Vielleicht d\u00fcrfen wir sie bald wieder zu einem weiteren astronomischen Erlebnis bei unseren Sternstunden am Piesberg begr\u00fc\u00dfen.<\/p>\n\n\n\n<p><br><\/p>\n\n\n\n<p>Impressions<\/p>\n\n\n\n<p><br><\/p>\n\n\n\n<figure class=\"wp-block-image size-full\"><img loading=\"lazy\" decoding=\"async\" width=\"980\" height=\"475\" src=\"https:\/\/kosmos-os.de\/wp-content\/uploads\/2026\/04\/WhatsApp-Image-2026-04-26-at-12.15.48-Carsten-Debbe-980x735-1.jpg\" alt=\"\" class=\"wp-image-7640\" srcset=\"https:\/\/kosmos-os.de\/wp-content\/uploads\/2026\/04\/WhatsApp-Image-2026-04-26-at-12.15.48-Carsten-Debbe-980x735-1.jpg 980w, https:\/\/kosmos-os.de\/wp-content\/uploads\/2026\/04\/WhatsApp-Image-2026-04-26-at-12.15.48-Carsten-Debbe-980x735-1-300x145.jpg 300w, https:\/\/kosmos-os.de\/wp-content\/uploads\/2026\/04\/WhatsApp-Image-2026-04-26-at-12.15.48-Carsten-Debbe-980x735-1-768x372.jpg 768w, https:\/\/kosmos-os.de\/wp-content\/uploads\/2026\/04\/WhatsApp-Image-2026-04-26-at-12.15.48-Carsten-Debbe-980x735-1-18x9.jpg 18w\" sizes=\"auto, (max-width: 980px) 100vw, 980px\" \/><figcaption class=\"wp-element-caption\"><em>Es ist aufgebaut. Noch ist es recht hell. Aber Mond oder Venus sind schon anvisiert. Die ersten G\u00e4ste sind bereits da.<br>(Aufnahme: Carsten Debbe)<\/em><\/figcaption><\/figure>\n\n\n\n<figure class=\"wp-block-image size-full\"><img loading=\"lazy\" decoding=\"async\" width=\"960\" height=\"640\" src=\"https:\/\/kosmos-os.de\/wp-content\/uploads\/2026\/04\/Werner-960x640-1.jpg\" alt=\"\" class=\"wp-image-7643\" srcset=\"https:\/\/kosmos-os.de\/wp-content\/uploads\/2026\/04\/Werner-960x640-1.jpg 960w, https:\/\/kosmos-os.de\/wp-content\/uploads\/2026\/04\/Werner-960x640-1-300x200.jpg 300w, https:\/\/kosmos-os.de\/wp-content\/uploads\/2026\/04\/Werner-960x640-1-768x512.jpg 768w, https:\/\/kosmos-os.de\/wp-content\/uploads\/2026\/04\/Werner-960x640-1-18x12.jpg 18w\" sizes=\"auto, (max-width: 960px) 100vw, 960px\" \/><figcaption class=\"wp-element-caption\"><em>Es gibt viel zu diskutieren<\/em><br><em>(Aufnahme: Werner W\u00f6hrmann)<\/em><\/figcaption><\/figure>\n\n\n\n<figure class=\"wp-block-image size-large\"><img loading=\"lazy\" decoding=\"async\" width=\"1024\" height=\"682\" src=\"https:\/\/kosmos-os.de\/wp-content\/uploads\/2026\/04\/Olaf-WhatsApp-Image-2026-04-26-at-09.51.09-1024x682.jpeg\" alt=\"\" class=\"wp-image-7636\" srcset=\"https:\/\/kosmos-os.de\/wp-content\/uploads\/2026\/04\/Olaf-WhatsApp-Image-2026-04-26-at-09.51.09-1024x682.jpeg 1024w, https:\/\/kosmos-os.de\/wp-content\/uploads\/2026\/04\/Olaf-WhatsApp-Image-2026-04-26-at-09.51.09-300x200.jpeg 300w, https:\/\/kosmos-os.de\/wp-content\/uploads\/2026\/04\/Olaf-WhatsApp-Image-2026-04-26-at-09.51.09-768x512.jpeg 768w, https:\/\/kosmos-os.de\/wp-content\/uploads\/2026\/04\/Olaf-WhatsApp-Image-2026-04-26-at-09.51.09-1536x1023.jpeg 1536w, https:\/\/kosmos-os.de\/wp-content\/uploads\/2026\/04\/Olaf-WhatsApp-Image-2026-04-26-at-09.51.09-18x12.jpeg 18w, https:\/\/kosmos-os.de\/wp-content\/uploads\/2026\/04\/Olaf-WhatsApp-Image-2026-04-26-at-09.51.09.jpeg 1600w\" sizes=\"auto, (max-width: 1024px) 100vw, 1024px\" \/><figcaption class=\"wp-element-caption\"><em>Astronomie im Mondlicht; die Kamera l\u00e4sst die Szene heller erscheinen, als sie ist &#8211; die Schatten stammen vom Mondlicht!<br>(Aufnahme: Olaf Homeier)<\/em><\/figcaption><\/figure>\n\n\n\n<figure class=\"wp-block-image size-large\"><img loading=\"lazy\" decoding=\"async\" width=\"1024\" height=\"682\" src=\"https:\/\/kosmos-os.de\/wp-content\/uploads\/2026\/04\/Olaf-WhatsApp-Image-2026-04-26-at-18.15.58-1024x682.jpeg\" alt=\"\" class=\"wp-image-7638\" srcset=\"https:\/\/kosmos-os.de\/wp-content\/uploads\/2026\/04\/Olaf-WhatsApp-Image-2026-04-26-at-18.15.58-1024x682.jpeg 1024w, https:\/\/kosmos-os.de\/wp-content\/uploads\/2026\/04\/Olaf-WhatsApp-Image-2026-04-26-at-18.15.58-300x200.jpeg 300w, https:\/\/kosmos-os.de\/wp-content\/uploads\/2026\/04\/Olaf-WhatsApp-Image-2026-04-26-at-18.15.58-768x512.jpeg 768w, https:\/\/kosmos-os.de\/wp-content\/uploads\/2026\/04\/Olaf-WhatsApp-Image-2026-04-26-at-18.15.58-1536x1023.jpeg 1536w, https:\/\/kosmos-os.de\/wp-content\/uploads\/2026\/04\/Olaf-WhatsApp-Image-2026-04-26-at-18.15.58-18x12.jpeg 18w, https:\/\/kosmos-os.de\/wp-content\/uploads\/2026\/04\/Olaf-WhatsApp-Image-2026-04-26-at-18.15.58.jpeg 1600w\" sizes=\"auto, (max-width: 1024px) 100vw, 1024px\" \/><figcaption class=\"wp-element-caption\"><em>gegen 23:30 Uhr<\/em> &#8211; d<em>ie Sternestunden gehen zu Ende. <\/em><br><em><em>(Aufnahme: Olaf Homeier)<\/em><\/em><\/figcaption><\/figure>\n\n\n\n<figure class=\"wp-block-image size-large\"><img loading=\"lazy\" decoding=\"async\" width=\"1024\" height=\"1024\" src=\"https:\/\/kosmos-os.de\/wp-content\/uploads\/2026\/04\/Olaf-WhatsApp-Image-2026-04-26-at-11.05.14-1024x1024.jpeg\" alt=\"\" class=\"wp-image-7637\" srcset=\"https:\/\/kosmos-os.de\/wp-content\/uploads\/2026\/04\/Olaf-WhatsApp-Image-2026-04-26-at-11.05.14-1024x1024.jpeg 1024w, https:\/\/kosmos-os.de\/wp-content\/uploads\/2026\/04\/Olaf-WhatsApp-Image-2026-04-26-at-11.05.14-300x300.jpeg 300w, https:\/\/kosmos-os.de\/wp-content\/uploads\/2026\/04\/Olaf-WhatsApp-Image-2026-04-26-at-11.05.14-150x150.jpeg 150w, https:\/\/kosmos-os.de\/wp-content\/uploads\/2026\/04\/Olaf-WhatsApp-Image-2026-04-26-at-11.05.14-768x768.jpeg 768w, https:\/\/kosmos-os.de\/wp-content\/uploads\/2026\/04\/Olaf-WhatsApp-Image-2026-04-26-at-11.05.14-1536x1536.jpeg 1536w, https:\/\/kosmos-os.de\/wp-content\/uploads\/2026\/04\/Olaf-WhatsApp-Image-2026-04-26-at-11.05.14-12x12.jpeg 12w, https:\/\/kosmos-os.de\/wp-content\/uploads\/2026\/04\/Olaf-WhatsApp-Image-2026-04-26-at-11.05.14.jpeg 1600w\" sizes=\"auto, (max-width: 1024px) 100vw, 1024px\" \/><figcaption class=\"wp-element-caption\"><em>Bodes Galaxie (M81), aufgenommen mit dem automatischen Teleskop w\u00e4hrend der Sternstunde<\/em>n<br><em><em><em>(Aufnahme: Olaf Homeier)<\/em><\/em><\/em><\/figcaption><\/figure>","protected":false},"excerpt":{"rendered":"<p>Der Mond hoch am Himmel besonders deutlich in der klaren Luft; Venus, der Abendstern, leuchtend im roten Abendhimmel \u00fcber dem dunklen Horizont; dazwischen Jupiter, der gr\u00f6\u00dfte unter den Planeten; und nun auch schon mit der aufziehenden Nacht die hellsten Sterne: Capella, Castor, Pollux, Arcturus und all die anderen, immer mehr, kaum zu z\u00e4hlen. Dort oben [&hellip;]<\/p>\n","protected":false},"author":2,"featured_media":7638,"comment_status":"closed","ping_status":"open","sticky":false,"template":"","format":"standard","meta":{"_eb_attr":"","footnotes":""},"categories":[1],"tags":[],"class_list":["post-7634","post","type-post","status-publish","format-standard","has-post-thumbnail","hentry","category-uncategorized"],"_links":{"self":[{"href":"https:\/\/kosmos-os.de\/en\/wp-json\/wp\/v2\/posts\/7634","targetHints":{"allow":["GET"]}}],"collection":[{"href":"https:\/\/kosmos-os.de\/en\/wp-json\/wp\/v2\/posts"}],"about":[{"href":"https:\/\/kosmos-os.de\/en\/wp-json\/wp\/v2\/types\/post"}],"author":[{"embeddable":true,"href":"https:\/\/kosmos-os.de\/en\/wp-json\/wp\/v2\/users\/2"}],"replies":[{"embeddable":true,"href":"https:\/\/kosmos-os.de\/en\/wp-json\/wp\/v2\/comments?post=7634"}],"version-history":[{"count":10,"href":"https:\/\/kosmos-os.de\/en\/wp-json\/wp\/v2\/posts\/7634\/revisions"}],"predecessor-version":[{"id":7661,"href":"https:\/\/kosmos-os.de\/en\/wp-json\/wp\/v2\/posts\/7634\/revisions\/7661"}],"wp:featuredmedia":[{"embeddable":true,"href":"https:\/\/kosmos-os.de\/en\/wp-json\/wp\/v2\/media\/7638"}],"wp:attachment":[{"href":"https:\/\/kosmos-os.de\/en\/wp-json\/wp\/v2\/media?parent=7634"}],"wp:term":[{"taxonomy":"category","embeddable":true,"href":"https:\/\/kosmos-os.de\/en\/wp-json\/wp\/v2\/categories?post=7634"},{"taxonomy":"post_tag","embeddable":true,"href":"https:\/\/kosmos-os.de\/en\/wp-json\/wp\/v2\/tags?post=7634"}],"curies":[{"name":"wp","href":"https:\/\/api.w.org\/{rel}","templated":true}]}}